{"id":11238,"date":"2015-10-07T16:34:33","date_gmt":"2015-10-07T15:34:33","guid":{"rendered":"http:\/\/ihbconline.co.uk\/newsachive\/?p=11238"},"modified":"2015-10-07T16:34:33","modified_gmt":"2015-10-07T15:34:33","slug":"new-programme-in-ni-for-cultural-outreach","status":"publish","type":"post","link":"https:\/\/newsblogs.ihbc.org.uk\/?p=11238","title":{"rendered":"New programme in NI for cultural outreach"},"content":{"rendered":"<p><u>A new scheme has been launched in Northern Ireland as part of <\/u><u>Community Relations and Cultural Awareness Week <\/u><u>to bring museum collections and heritage archives out to local communities, aiming to make cultural heritage more accessible and help tackle social exclusion issues.<br \/>\n<\/u><\/p>\n<p><u>The Department of Culture, Arts and Leisure (DCAL) writes:<\/u><br \/>\nCulture Minister Car\u00e1l N\u00ed Chuil\u00edn has welcomed a new initiative which brings museum collections to the wider community. The \u2018Out and About\u2019 programme was launched in Ormeau Road Library today. The Minister praised a project which brings together museums and libraries, two branches of the wider DCAL family.<\/p>\n<p>She added that collaboration is vital if we are to maximise our cultural offering, and engage effectively with people across the north.<\/p>\n<p>The Minister said: \u2018National Museums NI is working in partnership with other DCAL organisations, such as Libraries NI, in order to bring more of its collections and exhibitions directly out into the community. As DCAL Minister my top priority is to promote social and economic equality and tackle poverty and social exclusion. I also believe that local communities should have more opportunities within their own areas to access and learn about our publicly held cultural and heritage assets. This is important if we are to effectively address inequalities in our society and bring about positive social change.<\/p>\n<p>\u2018National Museums\u2019 \u2018Out and About\u2019 programme is designed to help improve access to stored collections and bring more artefacts and exhibitions into the heart of communities. I am delighted that National Museums and Libraries NI are collaborating on this issue and that local libraries are now being used as venues for \u2018Out and About\u2019 workshops and displays.\u2019<\/p>\n<p>The display at Ormeau Road Library includes archaeological artefacts such as tools, weapons and jewellery. Members of the public had the opportunity to learn about and handle the objects.<\/p>\n<p>The Minister said: \u2018I am aware that National Museums is planning to develop community access and engagement programmes with other organisations in the DCAL family, including the Arts Council and NI Screen. This is welcome news, I encourage all DCAL arm\u2019s-length bodies to support National Museums\u2019 community outreach initiatives in every way possible.\u2019<\/p>\n<p>As part of the \u2018Out and About\u2019 programme National Museums, in partnership with Libraries NI, will be extending access to museum stored collections. This will be done through a series of community workshops and exhibitions in libraries located in areas identified as Urban Villages under the Executive\u2019s Together: Building a United Community Strategy.<\/p>\n<p>The Minister said: \u2018This is one of a number of DCAL projects taking place during Community Relations and Cultural Awareness Week. Across culture, arts, sport and languages there are events which aim to engage communities and ultimately bring people together.<\/p>\n<p>\u2018Collaboration and innovation is vital if we are going to bring our cultural offering directly to communities and reach out to those most in need.\u2019<\/p>\n<p><a href=\"http:\/\/www.northernireland.gov.uk\/index\/media-centre\/news-departments\/news-dcal\/news-dcal-300915-past-brought-to.htm\" target=\"_blank\">View the press release and find out more about the scheme<\/a><\/p>\n","protected":false},"excerpt":{"rendered":"<p>A new scheme has been launched in Northern Ireland as part of Community Relations and Cultural Awareness Week to bring museum collections and heritage archives out to local communities, aiming to make cultural heritage more accessible and help tackle social &hellip; <a href=\"https:\/\/newsblogs.ihbc.org.uk\/?p=11238\">Continue reading <span class=\"meta-nav\">&rarr;<\/span><\/a><\/p>\n","protected":false},"author":1,"featured_media":0,"comment_status":"closed","ping_status":"closed","sticky":false,"template":"","format":"standard","meta":{"footnotes":""},"categories":[5],"tags":[],"class_list":["post-11238","post","type-post","status-publish","format-standard","hentry","category-sector-newsblog"],"_links":{"self":[{"href":"https:\/\/newsblogs.ihbc.org.uk\/index.php?rest_route=\/wp\/v2\/posts\/11238","targetHints":{"allow":["GET"]}}],"collection":[{"href":"https:\/\/newsblogs.ihbc.org.uk\/index.php?rest_route=\/wp\/v2\/posts"}],"about":[{"href":"https:\/\/newsblogs.ihbc.org.uk\/index.php?rest_route=\/wp\/v2\/types\/post"}],"author":[{"embeddable":true,"href":"https:\/\/newsblogs.ihbc.org.uk\/index.php?rest_route=\/wp\/v2\/users\/1"}],"replies":[{"embeddable":true,"href":"https:\/\/newsblogs.ihbc.org.uk\/index.php?rest_route=%2Fwp%2Fv2%2Fcomments&post=11238"}],"version-history":[{"count":1,"href":"https:\/\/newsblogs.ihbc.org.uk\/index.php?rest_route=\/wp\/v2\/posts\/11238\/revisions"}],"predecessor-version":[{"id":11239,"href":"https:\/\/newsblogs.ihbc.org.uk\/index.php?rest_route=\/wp\/v2\/posts\/11238\/revisions\/11239"}],"wp:attachment":[{"href":"https:\/\/newsblogs.ihbc.org.uk\/index.php?rest_route=%2Fwp%2Fv2%2Fmedia&parent=11238"}],"wp:term":[{"taxonomy":"category","embeddable":true,"href":"https:\/\/newsblogs.ihbc.org.uk\/index.php?rest_route=%2Fwp%2Fv2%2Fcategories&post=11238"},{"taxonomy":"post_tag","embeddable":true,"href":"https:\/\/newsblogs.ihbc.org.uk\/index.php?rest_route=%2Fwp%2Fv2%2Ftags&post=11238"}],"curies":[{"name":"wp","href":"https:\/\/api.w.org\/{rel}","templated":true}]}}